{"id":859,"date":"2021-05-27T18:05:08","date_gmt":"2021-05-27T16:05:08","guid":{"rendered":"https:\/\/www.lifestyleplus.cz\/?p=859"},"modified":"2021-05-27T18:05:08","modified_gmt":"2021-05-27T16:05:08","slug":"dum-z-prirodnich-materialu-pro-zdravy-zivotni-styl","status":"publish","type":"post","link":"https:\/\/lifestyleplus.cz\/?p=859","title":{"rendered":"D\u016fm z p\u0159\u00edrodn\u00edch materi\u00e1l\u016f pro zdrav\u00fd \u017eivotn\u00ed styl"},"content":{"rendered":"\n<p class=\"wp-block-paragraph\">\u017divotn\u00ed styl nesouvis\u00ed jen s t\u00edm, co j\u00edme nebo pijeme, zda sed\u00edme, pohybujeme se, cvi\u010d\u00edme. Souvis\u00ed is t\u00edm, v jak\u00e9m prost\u0159ed\u00ed \u017eijeme. Tato stavba vznikla v roce 2012, ale st\u00e1le si z n\u00ed v mnoh\u00e9m m\u016f\u017eeme br\u00e1t p\u0159\u00edklad.<\/p>\n\n\n\n<p class=\"wp-block-paragraph\">P\u0159i ka\u017ed\u00e9m dom\u011b by m\u011blo b\u00fdt nejd\u016fle\u017eit\u011bj\u0161\u00ed p\u0159izp\u016fsobit materi\u00e1l i tvar prost\u0159ed\u00ed, ve kter\u00e9m bude situov\u00e1n. V p\u0159\u00edpad\u011b p\u0159\u00edrodn\u00edho prost\u0159ed\u00ed v Bretani architekti pou\u017eili pouze prvky, kter\u00e9 s krajinou lad\u00ed.<\/p>\n\n\n\n<p class=\"wp-block-paragraph\">V p\u0159\u00edrodn\u00ed krajin\u011b se museli dr\u017eet na\u0159\u00edzen\u00ed, a to nejen o energetice. Proto jsou podstatn\u00fdmi sou\u010d\u00e1stmi tohoto bydlen\u00ed biologick\u00e9 zdroje v\u010detn\u011b zimn\u00ed zahrady, kamen na d\u0159evo a centr\u00e1ln\u00edho ventila\u010dn\u00edho syst\u00e9mu.<\/p>\n\n\n\n<p class=\"wp-block-paragraph\">D\u016fm se t\u0159emi \u010d\u00e1stmi<\/p>\n\n\n\n<p class=\"wp-block-paragraph\">D\u016fm v \u0159\u00ed\u010dn\u00ed SUR BELON se skl\u00e1d\u00e1 ze t\u0159\u00ed funk\u010dn\u011b odli\u0161n\u00fdch \u010d\u00e1st\u00ed. Parkovi\u0161t\u011b pro auto je z d\u0159ev\u011bn\u00e9 r\u00e1mov\u00e9 konstrukce: na severu je chr\u00e1n\u011bno ro\u0161tovou konstrukc\u00ed, na z\u00e1pad\u011b antracitov\u00fdm pozinkovan\u00fdm plechem a n\u00edzko polo\u017eenou st\u0159echou.<\/p>\n\n\n\n<p class=\"wp-block-paragraph\">P\u0159e\u010dt\u011bte si tak\u00e9:<\/p>\n\n\n\n<p class=\"wp-block-paragraph\">V Dru\u017estevn\u00ed pri Horn\u00e1de stoj\u00ed hobit\u00ed d\u016fm postaven\u00fd z m\u00edstn\u00edho p\u0159\u00edrodn\u00edho a odpadov\u00e9ho materi\u00e1lu<\/p>\n\n\n\n<p class=\"wp-block-paragraph\">Druhou \u010d\u00e1st\u00ed stavby je vstupn\u00ed hala. Vede do hlavn\u00edho obytn\u00e9ho prostoru. V p\u0159\u00edzem\u00ed najdete schodi\u0161t\u011b, komoru, lo\u017enici s koupelnou a kuchy\u0148 s p\u0159\u00edstupem na zimn\u00ed zahradu.<\/p>\n\n\n\n<p class=\"wp-block-paragraph\"> <\/p>\n\n\n\n<p class=\"wp-block-paragraph\">Pod klenutou st\u0159echou patra se ukr\u00fdv\u00e1 t\u0159et\u00ed \u010d\u00e1st domu: pracovna s v\u00fdhledem na zimn\u00ed zahradu a mal\u00fd obytn\u00fd prostor. Obl\u00e1 st\u0159echa zm\u011bk\u010duje v\u00fdraz domu, ale architekti ji zvolili i z jin\u00fdch d\u016fvod\u016f: minimalizuje energetick\u00e9 ztr\u00e1ty a odr\u00e1\u017e\u00ed kr\u00e1su p\u0159\u00edrody.<\/p>\n\n\n\n<p class=\"wp-block-paragraph\">Konstrukce domu je kombinovan\u00e1: d\u0159evo a beton<\/p>\n\n\n\n<p class=\"wp-block-paragraph\">D\u0159evo a beton jsou z\u00e1kladn\u00edmi materi\u00e1ly konstrukce tohoto p\u0159\u00edrodn\u00edho domu. D\u0159ev\u011bn\u00e1 konstrukce je izolov\u00e1na 60 cm d\u0159ev\u011bn\u00fdch vl\u00e1ken a oblo\u017een\u00e1 jedl\u00ed Douglas.<\/p>\n\n\n\n<p class=\"wp-block-paragraph\">&#8222;Beton jsme zvolili jako materi\u00e1l pro z\u00e1kladovou desku a st\u011bny, kter\u00e9 pot\u0159ebovaly izolaci, aby se zabr\u00e1nilo p\u0159enosu tepla z vyh\u0159\u00edvan\u00e9ho obytn\u00e9ho prostoru v\u00fd\u0161e. Vn\u011bj\u0161\u00ed izolace je na severu \u0159e\u0161ena d\u0159ev\u011bn\u00fdmi sloupky a 140 mm kamenn\u00e9 vlny. D\u0159ev\u011bn\u00fd r\u00e1m domu m\u00e1 145 mm celul\u00f3zov\u00e9 vatov\u00e9 izolace a st\u0159e\u0161n\u00ed konstrukce je izolov\u00e1na 300 milimetrovou miner\u00e1ln\u00ed vlnou. Podlahy p\u0159\u00edzem\u00ed jsme zateplili korkem, &#8222;\u0159\u00edk\u00e1 architekt ve zpr\u00e1v\u011b k projektu.<\/p>\n\n\n\n<div class=\"wp-block-image\"><figure class=\"aligncenter size-large\"><img loading=\"lazy\" decoding=\"async\" width=\"684\" height=\"1024\" src=\"https:\/\/www.lifestyleplus.cz\/wp-content\/uploads\/2021\/05\/pexels-photo-6283834-684x1024.jpg\" alt=\"\" class=\"wp-image-861\" srcset=\"https:\/\/lifestyleplus.cz\/wp-content\/uploads\/2021\/05\/pexels-photo-6283834-684x1024.jpg 684w, https:\/\/lifestyleplus.cz\/wp-content\/uploads\/2021\/05\/pexels-photo-6283834-200x300.jpg 200w, https:\/\/lifestyleplus.cz\/wp-content\/uploads\/2021\/05\/pexels-photo-6283834-768x1150.jpg 768w, https:\/\/lifestyleplus.cz\/wp-content\/uploads\/2021\/05\/pexels-photo-6283834.jpg 1000w\" sizes=\"auto, (max-width: 684px) 100vw, 684px\" \/><\/figure><\/div>\n\n\n\n<p class=\"wp-block-paragraph\"> <\/p>\n\n\n\n<p class=\"wp-block-paragraph\">Energie z p\u0159\u00edrody<\/p>\n\n\n\n<p class=\"wp-block-paragraph\">Krom\u011b kamen na d\u0159evo maj\u00ed dom\u00e1c\u00ed k dispozici dva plynov\u00e9 radi\u00e1tory a dva elektrick\u00e9 \u017eebrov\u00e9 radi\u00e1tory na ru\u010dn\u00edky. V\u011btr\u00e1n\u00ed zabezpe\u010duje obousm\u011brn\u00fd centr\u00e1ln\u00ed syst\u00e9m proud\u011bn\u00ed vzduchu. S teplou vodou pom\u00e1h\u00e1 termodynamick\u00fd oh\u0159\u00edva\u010d vody. Shrom\u00e1\u017ed\u011bnou de\u0161\u0165ovou vodu dom\u00e1c\u00ed pou\u017e\u00edvaj\u00ed na splachov\u00e1n\u00ed toalet a zavla\u017eov\u00e1n\u00ed zahrady.<\/p>\n","protected":false},"excerpt":{"rendered":"<p>\u017divotn\u00ed styl nesouvis\u00ed jen s t\u00edm, co j\u00edme nebo pijeme, zda sed\u00edme, pohybujeme se, cvi\u010d\u00edme. Souvis\u00ed is t\u00edm, v jak\u00e9m prost\u0159ed\u00ed \u017eijeme. Tato stavba vznikla v roce 2012, ale st\u00e1le si z n\u00ed v mnoh\u00e9m m\u016f\u017eeme br\u00e1t p\u0159\u00edklad. P\u0159i ka\u017ed\u00e9m dom\u011b by m\u011blo b\u00fdt nejd\u016fle\u017eit\u011bj\u0161\u00ed p\u0159izp\u016fsobit materi\u00e1l i tvar prost\u0159ed\u00ed, ve kter\u00e9m bude situov\u00e1n. V [&hellip;]<\/p>\n","protected":false},"author":2,"featured_media":860,"comment_status":"open","ping_status":"open","sticky":false,"template":"","format":"standard","meta":{"_sitemap_exclude":false,"_sitemap_priority":"","_sitemap_frequency":"","tdm_status":"","tdm_grid_status":"","footnotes":""},"categories":[42],"tags":[],"class_list":["post-859","post","type-post","status-publish","format-standard","has-post-thumbnail","category-zajimavosti"],"amp_enabled":true,"_links":{"self":[{"href":"https:\/\/lifestyleplus.cz\/index.php?rest_route=\/wp\/v2\/posts\/859","targetHints":{"allow":["GET"]}}],"collection":[{"href":"https:\/\/lifestyleplus.cz\/index.php?rest_route=\/wp\/v2\/posts"}],"about":[{"href":"https:\/\/lifestyleplus.cz\/index.php?rest_route=\/wp\/v2\/types\/post"}],"author":[{"embeddable":true,"href":"https:\/\/lifestyleplus.cz\/index.php?rest_route=\/wp\/v2\/users\/2"}],"replies":[{"embeddable":true,"href":"https:\/\/lifestyleplus.cz\/index.php?rest_route=%2Fwp%2Fv2%2Fcomments&post=859"}],"version-history":[{"count":0,"href":"https:\/\/lifestyleplus.cz\/index.php?rest_route=\/wp\/v2\/posts\/859\/revisions"}],"wp:featuredmedia":[{"embeddable":true,"href":"https:\/\/lifestyleplus.cz\/index.php?rest_route=\/wp\/v2\/media\/860"}],"wp:attachment":[{"href":"https:\/\/lifestyleplus.cz\/index.php?rest_route=%2Fwp%2Fv2%2Fmedia&parent=859"}],"wp:term":[{"taxonomy":"category","embeddable":true,"href":"https:\/\/lifestyleplus.cz\/index.php?rest_route=%2Fwp%2Fv2%2Fcategories&post=859"},{"taxonomy":"post_tag","embeddable":true,"href":"https:\/\/lifestyleplus.cz\/index.php?rest_route=%2Fwp%2Fv2%2Ftags&post=859"}],"curies":[{"name":"wp","href":"https:\/\/api.w.org\/{rel}","templated":true}]}}