{"id":855,"date":"2021-05-27T17:53:10","date_gmt":"2021-05-27T15:53:10","guid":{"rendered":"https:\/\/www.lifestyleplus.cz\/?p=855"},"modified":"2021-05-27T17:53:11","modified_gmt":"2021-05-27T15:53:11","slug":"energeticky-sobestacny-mobilni-dum-nabizi-plnohodnotne-bydleni","status":"publish","type":"post","link":"https:\/\/lifestyleplus.cz\/?p=855","title":{"rendered":"Energeticky sob\u011bsta\u010dn\u00fd mobiln\u00ed d\u016fm nab\u00edz\u00ed plnohodnotn\u00e9 bydlen\u00ed"},"content":{"rendered":"\n<p class=\"wp-block-paragraph\">Dome\u010dek s hlin\u00edkovou fas\u00e1dou a sedlovou st\u0159echou p\u016fsob\u00ed sou\u010dasn\u011b, ale z\u00e1rove\u0148 ct\u00ed archetyp\u00e1ln\u00ed tvar tradi\u010dn\u00edch venkovsk\u00fdch staveb. M\u016f\u017eete ho postavit v podstat\u011b kdekoliv, a to bez stavebn\u00edho povolen\u00ed \u010di souhlasu stavebn\u00edho \u00fa\u0159adu.<\/p>\n\n\n\n<p class=\"wp-block-paragraph\">P\u0159esn\u011bji \u0159e\u010deno, m\u016f\u017eete jej zaparkovat. M\u00e1 toti\u017e kola a je homologovan\u00fd jako p\u0159\u00edpojn\u00e9 vozidlo &#8211; m\u00e1 technick\u00fd pr\u016fkaz i SPZ. Nav\u00edc je energeticky sob\u011bsta\u010dn\u00fd.<\/p>\n\n\n\n<p class=\"wp-block-paragraph\">Na p\u0159esun domu Mobile Hut sta\u010d\u00ed v\u011bt\u0161\u00ed osobn\u00ed auto s ta\u017en\u00fdm za\u0159\u00edzen\u00edm a postavit jej m\u016f\u017eete t\u00e9m\u011b\u0159 kdekoliv bez stavebn\u00edho povolen\u00ed. D\u00e1 se p\u0159ipojit na s\u00ed\u0165, ale m\u016f\u017ee b\u00fdt i nez\u00e1visl\u00fd a energeticky sob\u011bsta\u010dn\u00fd &#8211; pro \u010dty\u0159i lidi a\u017e na dva t\u00fddny.<br>Mobiln\u00ed d\u016fm se sedlovou st\u0159echou, hlin\u00edkovou fas\u00e1dou a interi\u00e9rem ze d\u0159eva MOBILE HUT<br>Na p\u0159esun domu Mobile Hut sta\u010d\u00ed v\u011bt\u0161\u00ed osobn\u00ed auto s ta\u017en\u00fdm za\u0159\u00edzen\u00edm a postavit jej m\u016f\u017eete t\u00e9m\u011b\u0159 kdekoliv bez stavebn\u00edho povolen\u00ed. D\u00e1 se p\u0159ipojit na s\u00ed\u0165, ale m\u016f\u017ee b\u00fdt i nez\u00e1visl\u00fd a energeticky sob\u011bsta\u010dn\u00fd &#8211; pro \u010dty\u0159i lidi a\u017e na dva t\u00fddny.<\/p>\n\n\n\n<p class=\"wp-block-paragraph\">Stylov\u00fd, sob\u011bsta\u010dn\u00fd a dostate\u010dn\u011b mobiln\u00ed d\u016fm<\/p>\n\n\n\n<p class=\"wp-block-paragraph\">Na za\u010d\u00e1tku projektu Mobile Hut (mobiln\u00ed chata), byl n\u00e1pad MUDr. Jana V. Raiman, sv\u011btov\u011b uzn\u00e1van\u00e9ho ortodontisty, kter\u00fd byl v\u017edy nad\u0161en\u00fdm cestovatel\u016fm. Ve voln\u00fdch chv\u00edl\u00edch hledal \u00fanik v p\u0159\u00edrod\u011b a na venkov\u011b, ale hledal zejm\u00e9na nez\u00e1vislost. Aby mohl co nejsvobodn\u011bj\u0161\u00ed vyrazit na cesty, u\u017e jako student si do sv\u00e9ho auta montoval r\u016fzn\u00e9 l\u016f\u017ekov\u00e9 \u00fapravy a \u00falo\u017en\u00e9 prostory. To mu v\u0161ak nesta\u010dilo.<\/p>\n\n\n\n<p class=\"wp-block-paragraph\">Cht\u011bl \u0159e\u0161en\u00ed, kter\u00e9 bude nejen pohodln\u00e9, ale i stylov\u00e9 a sob\u011bsta\u010dn\u00e9, a p\u0159itom dostate\u010dn\u011b mobiln\u00ed. Na trhu nena\u0161el nic, co by vyhovovalo jeho p\u0159edstav\u00e1m, dokud se nesetkal s architekty z ateli\u00e9ru artikl. Jan Gabriel a Jakub Vl\u010dek se v t\u00e9 dob\u011b u\u017e d\u00e9le zab\u00fdvali stavbou dom\u016f z p\u0159epravn\u00edch kontejner\u016f. Jejich vkus a vn\u00edm\u00e1n\u00ed kontrastu mezi p\u0159\u00edrodou a modern\u00edm zp\u016fsobem \u017eivota doktora Raiman zaujaly, a tak se spole\u010dn\u011b pustili do pr\u00e1ce.<\/p>\n\n\n\n<p class=\"wp-block-paragraph\">P\u0159e\u010dt\u011bte si tak\u00e9:<\/p>\n\n\n\n<p class=\"wp-block-paragraph\">Levn\u011bj\u0161\u00ed alternativa bydlen\u00ed pro mlad\u00e9? Montovan\u00fd d\u016fm z prefabrik\u00e1t\u016f hrout\u00ed p\u0159edsudky!<\/p>\n\n\n\n<p class=\"wp-block-paragraph\">Skl\u00e1p\u011bc\u00ed terasa p\u0159id\u00e1 k plo\u0161e interi\u00e9ru dal\u0161\u00ed 4 m2.<br>Mobiln\u00ed d\u016fm se sedlovou st\u0159echou, hlin\u00edkovou fas\u00e1dou a interi\u00e9rem ze d\u0159eva MOBILE HUT<br>Skl\u00e1p\u011bc\u00ed terasa p\u0159id\u00e1 k plo\u0161e interi\u00e9ru dal\u0161\u00ed 4 m2.<\/p>\n\n\n\n<p class=\"wp-block-paragraph\">V\u00fdsledkem je chata na kolech jm\u00e9nem Mobil Hut: d\u00e9lka 5 m, \u0161\u00ed\u0159ka 2,3 m, v\u00fd\u0161ka 3,9 m a hmotnost 2 100 kg. U\u017eitn\u00e1 plocha 15 m2 a k tomu je\u0161t\u011b 4 m2 terasy. Modern\u00ed dome\u010dek s hlin\u00edkovou fas\u00e1dou a z\u00e1rove\u0148 s tvarem inspirovan\u00fdm tradi\u010dn\u00edmi venkovsk\u00fdmi stavbami se sedlovou st\u0159echou a kom\u00ednem. Sou\u010dasn\u00fd a praktick\u00fd, nez\u00e1visl\u00fd a sob\u011bsta\u010dn\u00fd.<\/p>\n\n\n\n<p class=\"wp-block-paragraph\">D\u016fm, kter\u00fd m\u016f\u017ee j\u00edt devades\u00e1tkou<\/p>\n\n\n\n<p class=\"wp-block-paragraph\">Mobile Hut je promy\u0161len\u00fd do posledn\u00edho n\u00fdtu. Ka\u017ed\u00fd milimetr prostoru je vy\u0159e\u0161en tak \u00fa\u010deln\u011b, \u017ee do n\u011bj &#8222;sbal\u00edte&#8220; byt velikosti 2 + kk. Vestav\u011bn\u00fd n\u00e1bytek se dok\u00e1\u017ee p\u0159izp\u016fsobit r\u016fzn\u00fdm funkc\u00edm, tak\u017ee zde \u010dlov\u011bku k pohodl\u00ed nic nechyb\u00ed &#8211; je tu slu\u0161n\u011b vybaven\u00e1 kuchy\u0148, plnohodnotn\u00e1 koupelna, dv\u011b lo\u017enice, dokonce i kamna na d\u0159evo a terasa.<\/p>\n\n\n\n<p class=\"wp-block-paragraph\">Interi\u00e9r je vy\u0159e\u0161en velmi prakticky a d\u00edky variabiln\u00edmu n\u00e1bytku se dok\u00e1\u017ee p\u0159izp\u016fsobit r\u016fzn\u00fdm funkc\u00edm, tak\u017ee na 15 m2 m\u00e1te v podstat\u011b byt velikosti 2 + kk. Stylov\u00fdm srdcem p\u0159\u00edjemn\u00e9ho d\u0159evem oblo\u017een\u00e9ho prostoru jsou krbov\u00e1 kamna na d\u0159evo.<br>Mobiln\u00ed d\u016fm se sedlovou st\u0159echou, hlin\u00edkovou fas\u00e1dou a interi\u00e9rem ze d\u0159eva MOBILE HUT<br>Interi\u00e9r je vy\u0159e\u0161en velmi prakticky a d\u00edky variabiln\u00edmu n\u00e1bytku se dok\u00e1\u017ee p\u0159izp\u016fsobit r\u016fzn\u00fdm funkc\u00edm, tak\u017ee na 15 m2 m\u00e1te v podstat\u011b byt velikosti 2 + kk. Stylov\u00fdm srdcem p\u0159\u00edjemn\u00e9ho d\u0159evem oblo\u017een\u00e9ho prostoru jsou krbov\u00e1 kamna na d\u0159evo.<\/p>\n\n\n\n<p class=\"wp-block-paragraph\">Z\u00e1kladn\u00ed verzi Mobile Hut lze p\u0159ipojit na s\u00edt\u011b, tedy na p\u0159\u00edvod vody a elekt\u0159iny, ve variant\u011b &#8222;off grid&#8220; je d\u016fm od s\u00edt\u00ed nez\u00e1visl\u00fd &#8211; je vybaven sol\u00e1rn\u00edmi panely, m\u00e1 hi-tech baterie, filtry a n\u00e1dr\u017ee na vodu, nez\u00e1visl\u00e9 plynov\u00e9 topen\u00ed a kamna na d\u0159evo. Je tedy zcela sob\u011bsta\u010dn\u00fd &#8211; \u010dty\u0159i osoby v n\u011bm mohou dva t\u00fddny pohodln\u011b bydlet bez jak\u00e9koliv p\u0159\u00edpojky v kter\u00e9mkoliv ro\u010dn\u00edm obdob\u00ed.<\/p>\n\n\n\n<div class=\"wp-block-image\"><figure class=\"aligncenter size-large\"><img loading=\"lazy\" decoding=\"async\" width=\"1000\" height=\"667\" src=\"https:\/\/www.lifestyleplus.cz\/wp-content\/uploads\/2021\/05\/pexels-photo-2029683.jpg\" alt=\"\" class=\"wp-image-857\" srcset=\"https:\/\/lifestyleplus.cz\/wp-content\/uploads\/2021\/05\/pexels-photo-2029683.jpg 1000w, https:\/\/lifestyleplus.cz\/wp-content\/uploads\/2021\/05\/pexels-photo-2029683-300x200.jpg 300w, https:\/\/lifestyleplus.cz\/wp-content\/uploads\/2021\/05\/pexels-photo-2029683-768x512.jpg 768w\" sizes=\"auto, (max-width: 1000px) 100vw, 1000px\" \/><\/figure><\/div>\n\n\n\n<p class=\"wp-block-paragraph\">&#8222;D\u016fm na kolech je v souladu se sou\u010dasn\u00fdm trendem nom\u00e1dsk\u00e9ho, consume less &#8218;\u017eivotn\u00edho stylu. N\u00e1\u0161 koncept nab\u00edz\u00ed plnohodnotn\u00e9 bydlen\u00ed, d\u00e1 se v\u0161ak &#8222;sbalit&#8220; a kamkoli p\u0159ev\u00e9zt. Mimo civilizace m\u016f\u017ee p\u0159itom fungovat energeticky sob\u011bsta\u010dn\u011b. Ka\u017ed\u00fd milimetr prostoru je promy\u0161len\u00fd. Pohodln\u011b se zde vysp\u00ed \u010dty\u0159i osoby a dispozice se d\u00e1 d\u00edky polohov\u00e1n\u00ed vestav\u011bn\u00e9ho n\u00e1bytku pou\u017e\u00edvat velmi variabiln\u011b. &#8222;<\/p>\n","protected":false},"excerpt":{"rendered":"<p>Dome\u010dek s hlin\u00edkovou fas\u00e1dou a sedlovou st\u0159echou p\u016fsob\u00ed sou\u010dasn\u011b, ale z\u00e1rove\u0148 ct\u00ed archetyp\u00e1ln\u00ed tvar tradi\u010dn\u00edch venkovsk\u00fdch staveb. M\u016f\u017eete ho postavit v podstat\u011b kdekoliv, a to bez stavebn\u00edho povolen\u00ed \u010di souhlasu stavebn\u00edho \u00fa\u0159adu. P\u0159esn\u011bji \u0159e\u010deno, m\u016f\u017eete jej zaparkovat. M\u00e1 toti\u017e kola a je homologovan\u00fd jako p\u0159\u00edpojn\u00e9 vozidlo &#8211; m\u00e1 technick\u00fd pr\u016fkaz i SPZ. Nav\u00edc je energeticky [&hellip;]<\/p>\n","protected":false},"author":2,"featured_media":856,"comment_status":"open","ping_status":"open","sticky":false,"template":"","format":"standard","meta":{"_sitemap_exclude":false,"_sitemap_priority":"","_sitemap_frequency":"","tdm_status":"","tdm_grid_status":"","footnotes":""},"categories":[1],"tags":[],"class_list":["post-855","post","type-post","status-publish","format-standard","has-post-thumbnail","category-rady-a-navody"],"amp_enabled":true,"_links":{"self":[{"href":"https:\/\/lifestyleplus.cz\/index.php?rest_route=\/wp\/v2\/posts\/855","targetHints":{"allow":["GET"]}}],"collection":[{"href":"https:\/\/lifestyleplus.cz\/index.php?rest_route=\/wp\/v2\/posts"}],"about":[{"href":"https:\/\/lifestyleplus.cz\/index.php?rest_route=\/wp\/v2\/types\/post"}],"author":[{"embeddable":true,"href":"https:\/\/lifestyleplus.cz\/index.php?rest_route=\/wp\/v2\/users\/2"}],"replies":[{"embeddable":true,"href":"https:\/\/lifestyleplus.cz\/index.php?rest_route=%2Fwp%2Fv2%2Fcomments&post=855"}],"version-history":[{"count":0,"href":"https:\/\/lifestyleplus.cz\/index.php?rest_route=\/wp\/v2\/posts\/855\/revisions"}],"wp:featuredmedia":[{"embeddable":true,"href":"https:\/\/lifestyleplus.cz\/index.php?rest_route=\/wp\/v2\/media\/856"}],"wp:attachment":[{"href":"https:\/\/lifestyleplus.cz\/index.php?rest_route=%2Fwp%2Fv2%2Fmedia&parent=855"}],"wp:term":[{"taxonomy":"category","embeddable":true,"href":"https:\/\/lifestyleplus.cz\/index.php?rest_route=%2Fwp%2Fv2%2Fcategories&post=855"},{"taxonomy":"post_tag","embeddable":true,"href":"https:\/\/lifestyleplus.cz\/index.php?rest_route=%2Fwp%2Fv2%2Ftags&post=855"}],"curies":[{"name":"wp","href":"https:\/\/api.w.org\/{rel}","templated":true}]}}