{"id":847,"date":"2021-05-27T17:49:51","date_gmt":"2021-05-27T15:49:51","guid":{"rendered":"https:\/\/www.lifestyleplus.cz\/?p=847"},"modified":"2021-05-27T17:49:51","modified_gmt":"2021-05-27T15:49:51","slug":"je-inteligentni-domacnost-zdravejsi-domacnost","status":"publish","type":"post","link":"https:\/\/lifestyleplus.cz\/?p=847","title":{"rendered":"Je inteligentn\u00ed dom\u00e1cnost zdrav\u011bj\u0161\u00ed dom\u00e1cnost?"},"content":{"rendered":"\n<p class=\"wp-block-paragraph\">Z\u00e1kladem zdrav\u00e9ho bydlen\u00ed jsou sv\u011btlo a \u010derstv\u00fd vzduch. Jejich nedostatek v\u00e1m m\u016f\u017ee zp\u016fsobit mnoh\u00e9 zdravotn\u00ed probl\u00e9my &#8211; od bolesti hlavy a \u00fanavy p\u0159es nespavost a\u017e po chronick\u00e9 respira\u010dn\u00ed onemocn\u011bn\u00ed. Automatick\u00e9 syst\u00e9my a inteligentn\u00ed technologie v\u00e1m p\u0159itom mohou pomoci si doma zajistit oboj\u00ed v t\u00e9 spr\u00e1vn\u00e9 m\u00ed\u0159e.<\/p>\n\n\n\n<p class=\"wp-block-paragraph\">\u010derstv\u00fd vzduch<\/p>\n\n\n\n<p class=\"wp-block-paragraph\">Vzduch uvnit\u0159 je obvykle mnohem v\u00edce zne\u010di\u0161t\u011bn\u00fd ne\u017e venku &#8211; u\u017e na\u0161e d\u00fdch\u00e1n\u00ed a b\u011b\u017en\u00e9 \u010dinnosti toti\u017e zvy\u0161uj\u00ed mno\u017estv\u00ed vodn\u00edch par a oxidu uhli\u010dit\u00e9ho. D\u016fsledkem \u0161patn\u00e9 kvality vnit\u0159n\u00edho vzduchu b\u00fdvaj\u00ed podr\u00e1\u017ed\u011bn\u00ed o\u010d\u00ed, nosu a krku, bolesti hlavy \u010di \u00fanava. Dlouhodob\u00fd pobyt v takov\u00e9m prost\u0159ed\u00ed m\u016f\u017ee v\u00e9st a\u017e k astmatu a onemocn\u011bn\u00edm srdce.<\/p>\n\n\n\n<p class=\"wp-block-paragraph\">Pravideln\u00e9 v\u011btr\u00e1n\u00ed je tedy v\u00edce ne\u017e d\u016fle\u017eit\u00e9. Zejm\u00e9na v chladn\u011bj\u0161\u00edch obdob\u00edch roku n\u011bj v\u0161ak \u010dasto zapom\u00edn\u00e1me, proto je \u0161ikovn\u00e9 spolehnout se v tomto sm\u011bru na inteligentn\u00ed automatiku.<\/p>\n\n\n\n<p class=\"wp-block-paragraph\">inteligentn\u00ed dom\u00e1cnost iStock<\/p>\n\n\n\n<p class=\"wp-block-paragraph\">Tzv. \u0159\u00edzen\u00e9 v\u011btr\u00e1n\u00ed se spolehliv\u011b postar\u00e1 o dostate\u010dn\u00fd p\u0159\u00edvod \u010derstv\u00e9ho vzduchu bez toho, abyste se t\u00edm museli zab\u00fdvat. M\u016f\u017ee b\u00fdt bu\u010f centr\u00e1ln\u011b &#8211; v\u011btrac\u00ed jednotka je um\u00edst\u011bna v technick\u00e9 m\u00edstnosti a v\u011btrac\u00ed vzduch se distribuuje potrubn\u00edmi rozvody, nebo decentralizovan\u00e9 &#8211; jednotliv\u00e9 v\u011btrac\u00ed jednotky jsou osazeny v obvodov\u00fdch st\u011bn\u00e1ch \u010di v okenn\u00edch r\u00e1mech.<\/p>\n\n\n\n<p class=\"wp-block-paragraph\">P\u0159e\u010dt\u011bte si tak\u00e9:<\/p>\n\n\n\n<p class=\"wp-block-paragraph\">Je pravda, \u017ee skute\u010dn\u011b sta\u010d\u00ed k dezinfekci v dom\u00e1cnosti ocet?<\/p>\n\n\n\n<p class=\"wp-block-paragraph\">Decentralizovan\u00e9 \u0159\u00edzen\u00e9 v\u011btr\u00e1n\u00ed p\u0159itom lze pom\u011brn\u011b jednodu\u0161e doplnit do domu nebo bytu i dodate\u010dn\u011b. Oba syst\u00e9my jsou obvykle vybaveny rekuperac\u00ed, tedy zp\u011btn\u00fdm z\u00edsk\u00e1v\u00e1n\u00edm tepla z odv\u00e1d\u011bn\u00e9ho vzduchu, d\u00edky \u010demu\u017e v\u011btraj\u00ed nejen automaticky, ale tak\u00e9 s minim\u00e1ln\u00edmi tepeln\u00fdmi ztr\u00e1tami. P\u0159iv\u00e1d\u011bn\u00fd vzduch nav\u00edc proch\u00e1z\u00ed prachov\u00fdm, p\u0159\u00edpadn\u011b i pylov\u00fdm filtrem, tak\u017ee se zajist\u00ed nejen dostatek \u010derstv\u00e9ho vzduchu, ale tak\u00e9 \u010dist\u0161\u00ed vnit\u0159n\u00ed prost\u0159ed\u00ed.<\/p>\n\n\n\n<p class=\"wp-block-paragraph\">V uzav\u0159en\u00fdch prostor\u00e1ch tr\u00e1v\u00edme v\u00edce ne\u017e 20 hodin denn\u011b.<\/p>\n\n\n\n<p class=\"wp-block-paragraph\">Vzduch uvnit\u0159 m\u016f\u017ee b\u00fdt a\u017e 5x v\u00edce zne\u010di\u0161t\u011bn\u00fd ne\u017e vzduch venku.<\/p>\n\n\n\n<p class=\"wp-block-paragraph\">inteligentn\u00ed dom\u00e1cnost VELUX<\/p>\n\n\n\n<p class=\"wp-block-paragraph\">Inteligentn\u00ed technologie dok\u00e1\u017e\u00ed usnadnit \u017eivot v ka\u017ed\u00e9m sm\u011bru a lze je vyu\u017e\u00edvat v dom\u011b iv byt\u011b. Jde o automatizaci dom\u00e1c\u00edch za\u0159\u00edzen\u00ed, kter\u00e1 reguluje r\u016fzn\u00e9 funkce &#8211; osv\u011btlen\u00ed, v\u011btr\u00e1n\u00ed, teplotu \u010di nastaven\u00ed \u017ealuzi\u00ed nap\u0159\u00edklad podle po\u010das\u00ed. Inteligentn\u00ed syst\u00e9m funguje jako skl\u00e1da\u010dka, tak\u017ee se d\u00e1 budovat i postupn\u011b &#8211; daj\u00ed se dopl\u0148ovat nov\u00e1 za\u0159\u00edzen\u00ed a roz\u0161i\u0159ovat funkce. Mo\u017en\u00e1 je tak\u00e9 bezdr\u00e1tov\u00e1 instalace bez stavebn\u00edch \u00faprav.<\/p>\n\n\n\n<p class=\"wp-block-paragraph\">denn\u00ed sv\u011btlo<\/p>\n\n\n\n<p class=\"wp-block-paragraph\">Mno\u017estv\u00ed denn\u00edho sv\u011btla ovliv\u0148uje na\u0161i n\u00e1ladu, v\u00fdkonnost \u010di schopnost soust\u0159edit se, proto byste p\u0159i pl\u00e1nov\u00e1n\u00ed domu nem\u011bli \u0161et\u0159it na plo\u0161e oken. Velk\u00e9 zasklen\u00e9 st\u011bny a terasy jsou nejen p\u0159\u00edjemn\u00fdm, ale i zdrav\u00fdm trendem, do hloubky dispozice zas m\u016f\u017eete dostat denn\u00ed sv\u011btlo pomoc\u00ed sv\u011btl\u00edk\u016f \u010di sv\u011btlovod\u016f. Sklo bez st\u00edn\u011bn\u00ed by v\u0161ak bylo dvouse\u010dnou zbran\u00ed &#8211; p\u0159es 1 m2 ji\u017en\u011b orientovan\u00e9ho zasklen\u00ed se toti\u017e dostane do interi\u00e9ru a\u017e 500 W tepeln\u00e9 energie ze slune\u010dn\u00edho z\u00e1\u0159en\u00ed, a to m\u016f\u017ee b\u00fdt n\u011bkdy probl\u00e9m.<\/p>\n\n\n\n<div class=\"wp-block-image\"><figure class=\"aligncenter size-large\"><img loading=\"lazy\" decoding=\"async\" width=\"1000\" height=\"740\" src=\"https:\/\/www.lifestyleplus.cz\/wp-content\/uploads\/2021\/05\/pexels-photo-3682238.jpg\" alt=\"\" class=\"wp-image-849\" srcset=\"https:\/\/lifestyleplus.cz\/wp-content\/uploads\/2021\/05\/pexels-photo-3682238.jpg 1000w, https:\/\/lifestyleplus.cz\/wp-content\/uploads\/2021\/05\/pexels-photo-3682238-300x222.jpg 300w, https:\/\/lifestyleplus.cz\/wp-content\/uploads\/2021\/05\/pexels-photo-3682238-768x568.jpg 768w\" sizes=\"auto, (max-width: 1000px) 100vw, 1000px\" \/><\/figure><\/div>\n\n\n\n<p class=\"wp-block-paragraph\">R\u016fzn\u00e9 typy st\u00edn\u011bn\u00ed dok\u00e1\u017e\u00ed sn\u00ed\u017eit tento tepeln\u00fd zisk na 10 a\u017e 100 W. Nav\u00edc i n\u00e1\u0161 biorytmus je nastaven na st\u0159\u00edd\u00e1n\u00ed dne a noci. B\u011bhem dne bychom m\u011bli m\u00edt dostatek denn\u00edho sv\u011btla a sp\u00e1t bychom m\u011bli v \u00fapln\u00e9 tm\u011b &#8211; i tu n\u00e1m m\u016f\u017ee zajistit st\u00edn\u00edc\u00ed technika. D\u00e1lkov\u00e9 ovl\u00e1d\u00e1n\u00ed je ji\u017e dnes p\u0159i st\u00edn\u011bn\u00ed t\u00e9m\u011b\u0159 standardem, a pokud k n\u011bmu dopln\u00edte inteligentn\u00ed automatizaci, bude reagovat na po\u010das\u00ed, mno\u017estv\u00ed slune\u010dn\u00edho svitu, vnit\u0159n\u00ed teplotu \u2026 \u00da\u010dinn\u011b tak zabr\u00e1n\u00edte p\u0159eh\u0159\u00edv\u00e1n\u00ed interi\u00e9ru v l\u00e9t\u011b, omez\u00edte tepeln\u00e9 ztr\u00e1ty v zim\u011b a tak\u00e9 ochr\u00e1n\u00edte st\u00edn\u00edc\u00ed techniku \u200b\u200bp\u0159ed po\u0161kozen\u00edm p\u0159i siln\u00e9m v\u011btru.<\/p>\n\n\n\n<p class=\"wp-block-paragraph\">Na spr\u00e1vn\u00e9 fungov\u00e1n\u00ed na\u0161ich biologick\u00fdch hodin je zapot\u0159eb\u00ed v\u00edce ne\u017e 1 000 lux\u016f.<\/p>\n\n\n\n<p class=\"wp-block-paragraph\">V b\u011b\u017en\u00e9m interi\u00e9ru je intenzita denn\u00edho sv\u011btla pod 300 lux\u016f, u okna je to kolem 3 000 lux\u016f.<\/p>\n","protected":false},"excerpt":{"rendered":"<p>Z\u00e1kladem zdrav\u00e9ho bydlen\u00ed jsou sv\u011btlo a \u010derstv\u00fd vzduch. Jejich nedostatek v\u00e1m m\u016f\u017ee zp\u016fsobit mnoh\u00e9 zdravotn\u00ed probl\u00e9my &#8211; od bolesti hlavy a \u00fanavy p\u0159es nespavost a\u017e po chronick\u00e9 respira\u010dn\u00ed onemocn\u011bn\u00ed. Automatick\u00e9 syst\u00e9my a inteligentn\u00ed technologie v\u00e1m p\u0159itom mohou pomoci si doma zajistit oboj\u00ed v t\u00e9 spr\u00e1vn\u00e9 m\u00ed\u0159e. \u010derstv\u00fd vzduch Vzduch uvnit\u0159 je obvykle mnohem v\u00edce zne\u010di\u0161t\u011bn\u00fd [&hellip;]<\/p>\n","protected":false},"author":2,"featured_media":848,"comment_status":"open","ping_status":"open","sticky":false,"template":"","format":"standard","meta":{"_sitemap_exclude":false,"_sitemap_priority":"","_sitemap_frequency":"","tdm_status":"","tdm_grid_status":"","footnotes":""},"categories":[1],"tags":[],"class_list":["post-847","post","type-post","status-publish","format-standard","has-post-thumbnail","category-rady-a-navody"],"amp_enabled":true,"_links":{"self":[{"href":"https:\/\/lifestyleplus.cz\/index.php?rest_route=\/wp\/v2\/posts\/847","targetHints":{"allow":["GET"]}}],"collection":[{"href":"https:\/\/lifestyleplus.cz\/index.php?rest_route=\/wp\/v2\/posts"}],"about":[{"href":"https:\/\/lifestyleplus.cz\/index.php?rest_route=\/wp\/v2\/types\/post"}],"author":[{"embeddable":true,"href":"https:\/\/lifestyleplus.cz\/index.php?rest_route=\/wp\/v2\/users\/2"}],"replies":[{"embeddable":true,"href":"https:\/\/lifestyleplus.cz\/index.php?rest_route=%2Fwp%2Fv2%2Fcomments&post=847"}],"version-history":[{"count":0,"href":"https:\/\/lifestyleplus.cz\/index.php?rest_route=\/wp\/v2\/posts\/847\/revisions"}],"wp:featuredmedia":[{"embeddable":true,"href":"https:\/\/lifestyleplus.cz\/index.php?rest_route=\/wp\/v2\/media\/848"}],"wp:attachment":[{"href":"https:\/\/lifestyleplus.cz\/index.php?rest_route=%2Fwp%2Fv2%2Fmedia&parent=847"}],"wp:term":[{"taxonomy":"category","embeddable":true,"href":"https:\/\/lifestyleplus.cz\/index.php?rest_route=%2Fwp%2Fv2%2Fcategories&post=847"},{"taxonomy":"post_tag","embeddable":true,"href":"https:\/\/lifestyleplus.cz\/index.php?rest_route=%2Fwp%2Fv2%2Ftags&post=847"}],"curies":[{"name":"wp","href":"https:\/\/api.w.org\/{rel}","templated":true}]}}